{"id":1123,"date":"2023-03-22T17:53:54","date_gmt":"2023-03-22T17:53:54","guid":{"rendered":"http:\/\/spjasienna.net.pl\/?p=1123"},"modified":"2023-03-22T17:53:54","modified_gmt":"2023-03-22T17:53:54","slug":"wielki-sukces-alesandry-augustyn-z-klasy-iv","status":"publish","type":"post","link":"https:\/\/spjasienna.stream\/?p=1123","title":{"rendered":"WIELKI SUKCES ALESANDRY AUGUSTYN Z KLASY IV!!!"},"content":{"rendered":"\n<p>Tegoroczny konkurs plastyczny S\u0105deckich Wodoci\u0105g\u00f3w odby\u0142 si\u0119 pod has\u0142em \u201eWoda \u2013 \u017cycie i magia\u201d. Do konkursu, kt\u00f3ry w tym roku po raz pierwszy mia\u0142 og\u00f3lnopolski charakter zg\u0142oszono 2045 prac ze 140 szk\u00f3\u0142, przedszkoli i dom\u00f3w kultury. O nagrody rywalizowali autorzy i autorki prac m.in. z Gda\u0144ska, nadmorskiej gminy Choczewo, Bydgoszczy, Piotrkowa Trybunalskiego, Wieliczki, Krakowa, gminy Szaflary, \u015awi\u0119tna (wojew\u00f3dztwo wielkopolskie), Krynicy-Zdroju, gminy Limanowa, gminy Gorlice, gminy \u0141ukowica, gminy \u0141ososina Dolna, gminy Korzenna, gminy Stary S\u0105cz, gminy Kamionka Wielka, gminy Nawojowa, Nowego S\u0105cza. <strong>Nasza uczennica Ola Augustyn z klasy IV zdoby\u0142a I miejsce w swojej kategorii. Gratulujemy Oli tak wspania\u0142ego sukcesu i \u017cyczymy dalszych.<\/strong><\/p>\n\n\n\n<figure class=\"wp-block-gallery columns-1 is-cropped wp-block-gallery-1 is-layout-flex wp-block-gallery-is-layout-flex\"><ul class=\"blocks-gallery-grid\"><li class=\"blocks-gallery-item\"><figure><a href=\"https:\/\/spjasienna.stream\/wp-content\/uploads\/2023\/03\/336873555_243055768163534_27896912230800895_n.jpg\"><img loading=\"lazy\" decoding=\"async\" width=\"960\" height=\"720\" src=\"https:\/\/spjasienna.stream\/wp-content\/uploads\/2023\/03\/336873555_243055768163534_27896912230800895_n.jpg\" alt=\"\" data-id=\"1124\" data-full-url=\"https:\/\/spjasienna.stream\/wp-content\/uploads\/2023\/03\/336873555_243055768163534_27896912230800895_n.jpg\" data-link=\"https:\/\/spjasienna.stream\/?attachment_id=1124\" class=\"wp-image-1124\" srcset=\"https:\/\/spjasienna.stream\/wp-content\/uploads\/2023\/03\/336873555_243055768163534_27896912230800895_n.jpg 960w, https:\/\/spjasienna.stream\/wp-content\/uploads\/2023\/03\/336873555_243055768163534_27896912230800895_n-300x225.jpg 300w, https:\/\/spjasienna.stream\/wp-content\/uploads\/2023\/03\/336873555_243055768163534_27896912230800895_n-768x576.jpg 768w\" sizes=\"(max-width: 960px) 100vw, 960px\" \/><\/a><\/figure><\/li><\/ul><\/figure>\n\n\n\n<pre class=\"wp-block-preformatted\"><\/pre>\n\n\n\n<p><\/p>\n\n\n\n<h2 class=\"wp-block-heading\"><\/h2>\n","protected":false},"excerpt":{"rendered":"<p>Tegoroczny konkurs plastyczny S\u0105deckich Wodoci\u0105g\u00f3w odby\u0142 si\u0119 pod has\u0142em \u201eWoda \u2013 \u017cycie i magia\u201d. Do konkursu, kt\u00f3ry w tym roku po raz pierwszy mia\u0142 og\u00f3lnopolski charakter zg\u0142oszono 2045 prac ze 140 szk\u00f3\u0142, przedszkoli i dom\u00f3w kultury. O nagrody rywalizowali autorzy i autorki prac m.in. z Gda\u0144ska, nadmorskiej gminy Choczewo, Bydgoszczy, Piotrkowa Trybunalskiego, Wieliczki, Krakowa, gminy [&hellip;]<\/p>\n","protected":false},"author":1,"featured_media":0,"comment_status":"closed","ping_status":"closed","sticky":false,"template":"","format":"standard","meta":{"footnotes":""},"categories":[1],"tags":[],"_links":{"self":[{"href":"https:\/\/spjasienna.stream\/index.php?rest_route=\/wp\/v2\/posts\/1123"}],"collection":[{"href":"https:\/\/spjasienna.stream\/index.php?rest_route=\/wp\/v2\/posts"}],"about":[{"href":"https:\/\/spjasienna.stream\/index.php?rest_route=\/wp\/v2\/types\/post"}],"author":[{"embeddable":true,"href":"https:\/\/spjasienna.stream\/index.php?rest_route=\/wp\/v2\/users\/1"}],"replies":[{"embeddable":true,"href":"https:\/\/spjasienna.stream\/index.php?rest_route=%2Fwp%2Fv2%2Fcomments&post=1123"}],"version-history":[{"count":1,"href":"https:\/\/spjasienna.stream\/index.php?rest_route=\/wp\/v2\/posts\/1123\/revisions"}],"predecessor-version":[{"id":1125,"href":"https:\/\/spjasienna.stream\/index.php?rest_route=\/wp\/v2\/posts\/1123\/revisions\/1125"}],"wp:attachment":[{"href":"https:\/\/spjasienna.stream\/index.php?rest_route=%2Fwp%2Fv2%2Fmedia&parent=1123"}],"wp:term":[{"taxonomy":"category","embeddable":true,"href":"https:\/\/spjasienna.stream\/index.php?rest_route=%2Fwp%2Fv2%2Fcategories&post=1123"},{"taxonomy":"post_tag","embeddable":true,"href":"https:\/\/spjasienna.stream\/index.php?rest_route=%2Fwp%2Fv2%2Ftags&post=1123"}],"curies":[{"name":"wp","href":"https:\/\/api.w.org\/{rel}","templated":true}]}}