{"id":776,"date":"2021-04-08T09:50:00","date_gmt":"2021-04-08T09:50:00","guid":{"rendered":"http:\/\/spjasienna.net.pl\/?p=776"},"modified":"2025-08-18T06:45:36","modified_gmt":"2025-08-18T06:45:36","slug":"przedluzenie-obowiazujacych-obostrzen-do-18-kwietnia-2021-r","status":"publish","type":"post","link":"https:\/\/spjasienna.stream\/?p=776","title":{"rendered":"Przed\u0142u\u017cenie obowi\u0105zuj\u0105cych obostrze\u0144 do 18 kwietnia 2021"},"content":{"rendered":"\n<p><strong>\u017b\u0142obki i przedszkola \u2013 <\/strong>nadal s\u0105 nieczynne<\/p>\n\n\n\n<p>Uczniowie wszystkich klas szk\u00f3\u0142 podstawowych, szk\u00f3\u0142 ponadpodstawowych, s\u0142uchacze plac\u00f3wek kszta\u0142cenia ustawicznego oraz centr\u00f3w kszta\u0142cenia zawodowego ucz\u0105 si\u0119 zdalnie<\/p>\n","protected":false},"excerpt":{"rendered":"<p>\u017b\u0142obki i przedszkola \u2013 nadal s\u0105 nieczynne Uczniowie wszystkich klas szk\u00f3\u0142 podstawowych, szk\u00f3\u0142 ponadpodstawowych, s\u0142uchacze plac\u00f3wek kszta\u0142cenia ustawicznego oraz centr\u00f3w kszta\u0142cenia zawodowego ucz\u0105 si\u0119 zdalnie<\/p>\n","protected":false},"author":1,"featured_media":0,"comment_status":"closed","ping_status":"closed","sticky":false,"template":"","format":"standard","meta":{"footnotes":""},"categories":[1],"tags":[],"_links":{"self":[{"href":"https:\/\/spjasienna.stream\/index.php?rest_route=\/wp\/v2\/posts\/776"}],"collection":[{"href":"https:\/\/spjasienna.stream\/index.php?rest_route=\/wp\/v2\/posts"}],"about":[{"href":"https:\/\/spjasienna.stream\/index.php?rest_route=\/wp\/v2\/types\/post"}],"author":[{"embeddable":true,"href":"https:\/\/spjasienna.stream\/index.php?rest_route=\/wp\/v2\/users\/1"}],"replies":[{"embeddable":true,"href":"https:\/\/spjasienna.stream\/index.php?rest_route=%2Fwp%2Fv2%2Fcomments&post=776"}],"version-history":[{"count":4,"href":"https:\/\/spjasienna.stream\/index.php?rest_route=\/wp\/v2\/posts\/776\/revisions"}],"predecessor-version":[{"id":782,"href":"https:\/\/spjasienna.stream\/index.php?rest_route=\/wp\/v2\/posts\/776\/revisions\/782"}],"wp:attachment":[{"href":"https:\/\/spjasienna.stream\/index.php?rest_route=%2Fwp%2Fv2%2Fmedia&parent=776"}],"wp:term":[{"taxonomy":"category","embeddable":true,"href":"https:\/\/spjasienna.stream\/index.php?rest_route=%2Fwp%2Fv2%2Fcategories&post=776"},{"taxonomy":"post_tag","embeddable":true,"href":"https:\/\/spjasienna.stream\/index.php?rest_route=%2Fwp%2Fv2%2Ftags&post=776"}],"curies":[{"name":"wp","href":"https:\/\/api.w.org\/{rel}","templated":true}]}}