{"id":779,"date":"2021-04-15T07:56:30","date_gmt":"2021-04-15T07:56:30","guid":{"rendered":"http:\/\/spjasienna.net.pl\/?p=779"},"modified":"2025-08-18T06:45:36","modified_gmt":"2025-08-18T06:45:36","slug":"przedluzenie-obowiazujacych-obostrzen-do-25-kwietnia-2021-r","status":"publish","type":"post","link":"https:\/\/spjasienna.stream\/?p=779","title":{"rendered":"Przed\u0142u\u017cenie obowi\u0105zuj\u0105cych obostrze\u0144 do 25 kwietnia 2021"},"content":{"rendered":"\n<p><strong>\u017b\u0142obki i przedszkola&nbsp;\u2013&nbsp;<\/strong>czynne od 19 kwietnia 2021 r.<\/p>\n\n\n\n<p>Od 19 kwietnia 2021 r. zostaje przywr\u00f3cona stacjonarna dzia\u0142alno\u015b\u0107 przedszkoli, innych form wychowania przedszkolnego oraz oddzia\u0142\u00f3w przedszkolnych w szko\u0142ach podstawowych.<\/p>\n\n\n\n<p>Pozosta\u0142e zasady bezpiecze\u0144stwa \u2013 bez zmian<\/p>\n\n\n\n<p>Uczniowie wszystkich klas szk\u00f3\u0142 podstawowych, szk\u00f3\u0142 ponadpodstawowych, s\u0142uchacze plac\u00f3wek kszta\u0142cenia ustawicznego oraz centr\u00f3w kszta\u0142cenia zawodowego ucz\u0105 si\u0119 zdalnie.<\/p>\n","protected":false},"excerpt":{"rendered":"<p>\u017b\u0142obki i przedszkola&nbsp;\u2013&nbsp;czynne od 19 kwietnia 2021 r. Od 19 kwietnia 2021 r. zostaje przywr\u00f3cona stacjonarna dzia\u0142alno\u015b\u0107 przedszkoli, innych form wychowania przedszkolnego oraz oddzia\u0142\u00f3w przedszkolnych w szko\u0142ach podstawowych. Pozosta\u0142e zasady bezpiecze\u0144stwa \u2013 bez zmian Uczniowie wszystkich klas szk\u00f3\u0142 podstawowych, szk\u00f3\u0142 ponadpodstawowych, s\u0142uchacze plac\u00f3wek kszta\u0142cenia ustawicznego oraz centr\u00f3w kszta\u0142cenia zawodowego ucz\u0105 si\u0119 zdalnie.<\/p>\n","protected":false},"author":1,"featured_media":0,"comment_status":"closed","ping_status":"closed","sticky":false,"template":"","format":"standard","meta":{"footnotes":""},"categories":[1],"tags":[],"_links":{"self":[{"href":"https:\/\/spjasienna.stream\/index.php?rest_route=\/wp\/v2\/posts\/779"}],"collection":[{"href":"https:\/\/spjasienna.stream\/index.php?rest_route=\/wp\/v2\/posts"}],"about":[{"href":"https:\/\/spjasienna.stream\/index.php?rest_route=\/wp\/v2\/types\/post"}],"author":[{"embeddable":true,"href":"https:\/\/spjasienna.stream\/index.php?rest_route=\/wp\/v2\/users\/1"}],"replies":[{"embeddable":true,"href":"https:\/\/spjasienna.stream\/index.php?rest_route=%2Fwp%2Fv2%2Fcomments&post=779"}],"version-history":[{"count":7,"href":"https:\/\/spjasienna.stream\/index.php?rest_route=\/wp\/v2\/posts\/779\/revisions"}],"predecessor-version":[{"id":788,"href":"https:\/\/spjasienna.stream\/index.php?rest_route=\/wp\/v2\/posts\/779\/revisions\/788"}],"wp:attachment":[{"href":"https:\/\/spjasienna.stream\/index.php?rest_route=%2Fwp%2Fv2%2Fmedia&parent=779"}],"wp:term":[{"taxonomy":"category","embeddable":true,"href":"https:\/\/spjasienna.stream\/index.php?rest_route=%2Fwp%2Fv2%2Fcategories&post=779"},{"taxonomy":"post_tag","embeddable":true,"href":"https:\/\/spjasienna.stream\/index.php?rest_route=%2Fwp%2Fv2%2Ftags&post=779"}],"curies":[{"name":"wp","href":"https:\/\/api.w.org\/{rel}","templated":true}]}}